{"id":8630,"date":"2024-06-03T15:00:56","date_gmt":"2024-06-03T15:00:56","guid":{"rendered":"https:\/\/lfaccra.acewebgh.com\/?post_type=job-posting&#038;p=8630"},"modified":"2025-06-13T12:22:29","modified_gmt":"2025-06-13T12:22:29","slug":"orthophoniste","status":"publish","type":"job-posting","link":"https:\/\/lfaccra.com\/fr\/job-posting\/orthophoniste\/","title":{"rendered":"Un(e) Orthophoniste"},"content":{"rendered":"<div data-elementor-type=\"wp-post\" data-elementor-id=\"8630\" class=\"elementor elementor-8630\" data-elementor-post-type=\"job-posting\">\n\t\t\t\t<div class=\"elementor-element elementor-element-70d66e9d e-flex e-con-boxed e-con e-parent\" data-id=\"70d66e9d\" data-element_type=\"container\" data-e-type=\"container\">\n\t\t\t\t\t<div class=\"e-con-inner\">\n\t\t\t\t<div class=\"elementor-element elementor-element-3f2c9639 elementor-widget elementor-widget-text-editor\" data-id=\"3f2c9639\" data-element_type=\"widget\" data-e-type=\"widget\" data-widget_type=\"text-editor.default\">\n\t\t\t\t<div class=\"elementor-widget-container\">\n\t\t\t\t\t\t\t\t\t<p>Pour un poste en contrat local :<\/p><table><tbody><tr><td colspan=\"2\" width=\"754\"><p><strong>IDENTIFICATION DU POSTE<\/strong><\/p><\/td><\/tr><tr><td width=\"158\"><p><strong>METIER \/ FONCTION<\/strong><\/p><\/td><td width=\"595\"><p>Orthophoniste<\/p><\/td><\/tr><tr><td width=\"158\"><p><strong>\u00a0<\/strong><\/p><p><strong>\u00a0<\/strong><\/p><p><strong>\u00a0<\/strong><\/p><p><strong>\u00a0<\/strong><\/p><p><strong>POSITION DANS LA STRUCTURE<\/strong><\/p><\/td><td width=\"595\"><p><strong>Liaison hi\u00e9rarchique <\/strong><strong>:<\/strong><\/p><p>\u00d8\u00a0 Cheffe d\u2019\u00e9tablissement<\/p><p><strong>Collaborations fonctionnelles <\/strong><strong>:<\/strong><\/p><p>\u00d8\u00a0 Directrice de l\u2019\u00e9cole ;<\/p><p>\u00d8\u00a0 Infirmier ;<\/p><p>\u00d8\u00a0 Psychologue ;<\/p><p>\u00d8\u00a0 Familles ;<\/p><p>\u00d8\u00a0 Enseignant-e-s ;<\/p><p>\u00d8\u00a0 DAF- Administration.<\/p><\/td><\/tr><tr><td width=\"158\"><p><strong>LIEU D\u2019EXERCICE<\/strong><\/p><\/td><td width=\"595\"><p>6 Bathur Street East Legon ACCRA GHANA<\/p><\/td><\/tr><tr><td width=\"158\"><p><strong>HORAIRES<\/strong><\/p><\/td><td width=\"595\"><p>Horaires de journ\u00e9e \u2013 35 H<\/p><\/td><\/tr><\/tbody><\/table><table><tbody><tr><td colspan=\"2\" width=\"754\"><p><strong>MISSIONS DU POSTE<\/strong><\/p><\/td><\/tr><tr><td width=\"158\"><p><strong>\u00a0<\/strong><\/p><p><strong>\u00a0<\/strong><\/p><p><strong>\u00a0<\/strong><\/p><p><strong>\u00a0<\/strong><\/p><p><strong>\u00a0<\/strong><\/p><p><strong>DEFINITION DE LA FONCTION<\/strong><\/p><\/td><td width=\"595\"><p><span style=\"font-size: 0.9em; color: var( --e-global-color-text ); font-family: var( --e-global-typography-text-font-family ), Sans-serif; font-weight: var( --e-global-typography-text-font-weight ); text-align: var(--text-align);\">Les missions de l\u2019orthophoniste en milieu scolaire s\u2019inscrivent en soutien \u00e0 la mission \u00e9ducative de l\u2019\u00e9cole. En milieu scolaire, l\u2019orthophoniste contribue \u00e0 rep\u00e9rer et diagnostiquer les troubles des apprentissages des \u00e9l\u00e8ves afin de permettre la mise en place d\u2019adaptations qui permettront aux \u00e9l\u00e8ves \u00e0 besoins \u00e9ducatifs particuliers (EBEP) de progresser dans leurs apprentissages.<\/span><\/p><p>L\u2019orthophoniste intervient aupr\u00e8s d\u2019enfants et d\u2019adolescents en milieu scolaire au sein d\u2019une \u00e9quipe pluridisciplinaire (Directrice de l\u2019\u00c9cole, Proviseure, CPE, Psychologue, Infirmier, \u00c9quipes p\u00e9dagogiques et Intervenants ext\u00e9rieurs).<\/p><p>Il\/elle peut proposer une prise en soin individuelle au sein de l&#8217;\u00c9tablissement. Ces interventions se r\u00e9alisent sous la forme de prestations de services.<\/p><p>L\u2019orthophoniste est en lien direct avec les familles.<\/p><\/td><\/tr><tr><td width=\"158\"><p><strong>\u00a0<\/strong><\/p><p><strong>\u00a0<\/strong><\/p><p><strong>\u00a0<\/strong><\/p><p><strong>\u00a0<\/strong><\/p><p><strong>\u00a0<\/strong><\/p><p><strong>\u00a0<\/strong><\/p><p><strong>\u00a0<\/strong><\/p><p><strong>\u00a0<\/strong><\/p><p><strong>\u00a0<\/strong><\/p><p><strong>\u00a0<\/strong><\/p><p><strong>RESPONSABILITES <\/strong><strong>ET ACTIVITES<\/strong><\/p><\/td><td width=\"595\"><p><strong>\u00a0<\/strong><span style=\"font-size: 0.9em; color: var( --e-global-color-text ); font-family: var( --e-global-typography-text-font-family ), Sans-serif; font-weight: var( --e-global-typography-text-font-weight ); text-align: var(--text-align);\">Dans le cadre de ses fonctions, l\u2019orthophoniste a pour missions principales :<\/span><\/p><p><strong>1. Evaluation et accompagnement<\/strong><\/p><p><strong>\u00a0<\/strong><\/p><p>\u00d8\u00a0 R\u00e9alise des bilans sur les \u00e9l\u00e8ves signal\u00e9s par les enseignants avec l\u2019autorisation des parents ;<\/p><p>\u00d8\u00a0 Transmet les bilans orthophoniques aux parents et \u00e0 l\u2019\u00e9quipe pluridisciplinaire ;<\/p><p>\u00d8\u00a0 Assure le suivi individuel des \u00e9l\u00e8ves selon leurs besoins ;<\/p><p>\u00d8\u00a0 Contribue \u00e0 la mise en \u0153uvre des dispositifs d\u2019aide aux \u00e9l\u00e8ves en difficult\u00e9 ;<\/p><p>\u00d8\u00a0 Accompagne les familles vers des professionnels ext\u00e9rieurs le cas \u00e9ch\u00e9ant ;<\/p><p>\u00d8\u00a0 Assure une mission de conseil et de suivi dans le volet de prise en charge des \u00e9l\u00e8ves \u00e0 besoins particuliers avec une participation aux \u00e9quipes \u00e9ducatives ;<\/p><p>\u00d8\u00a0 Accompagne les enseignants dans leurs formations pour la prise en charge des \u00e9l\u00e8ves \u00e0 besoins \u00e9ducatifs particuliers.<\/p><p><strong>\u00a0<\/strong><strong style=\"font-size: 0.9em; color: var( --e-global-color-text ); font-family: var( --e-global-typography-text-font-family ), Sans-serif; text-align: var(--text-align);\">2. Travail avec l\u2019\u00e9quipe pluridisciplinaire<\/strong><\/p><p>\u00d8\u00a0 Participe activement aux r\u00e9unions internes (p\u00f4le Sant\u00e9, \u00e9quipes \u00e9ducatives etc.) traitant des \u00e9l\u00e8ves<\/p><p>qu\u2019il a en charge ;<\/p><p>\u00d8\u00a0 Dans ce cadre remet les bilans et comptes rendus qu\u2019il a r\u00e9dig\u00e9s ;<\/p><p>\u00d8\u00a0 Transmet des outils aux enseignants et plus g\u00e9n\u00e9ralement aux intervenants \u00e9ducatifs.<\/p><p><strong>\u00a0<\/strong><strong style=\"font-size: 0.9em; color: var( --e-global-color-text ); font-family: var( --e-global-typography-text-font-family ), Sans-serif; text-align: var(--text-align);\">3. Participation aux actions de formation et de sensibilisation aupr\u00e8s de la communaut\u00e9 \u00e9ducative (Personnels enseignants, d\u2019\u00e9ducation, les parents et les \u00e9l\u00e8ves).<\/strong><\/p><\/td><\/tr><\/tbody><\/table><table><tbody><tr><td width=\"158\">\u00a0<\/td><td width=\"595\">\u00a0<\/td><\/tr><tr><td width=\"158\"><p><strong>COMP\u00c9TENCES REQUISES<\/strong><\/p><\/td><td width=\"595\"><p>\u00d8\u00a0 Excellente expression \u00e9crite et orale en fran\u00e7ais ;<\/p><p>\u00d8\u00a0 Bonne expression \u00e9crite et orale en anglais ;<\/p><p>\u00d8\u00a0 Connaissance des syst\u00e8mes \u00e9ducatifs appr\u00e9ci\u00e9e.<\/p><\/td><\/tr><\/tbody><\/table><table><tbody><tr><td colspan=\"2\" width=\"748\"><p><strong>COMPETENCES REQUISES POUR LE POSTE<\/strong><\/p><\/td><\/tr><tr><td width=\"158\"><p><strong>FORMATIONS, DIPLOMES ET\/OU QUALIFICATIONS REQUISES<\/strong><\/p><\/td><td width=\"589\"><p>\u00d8 Certificat de Capacit\u00e9 d\u2019Orthophonie ou Equivalent ;<\/p><p>\u00d8 Maitrise de l\u2019anglais ;<\/p><p>\u00d8 3 \u00e0 5 ann\u00e9es d\u2019exp\u00e9rience requises.<\/p><\/td><\/tr><tr><td width=\"158\"><p><strong>\u00a0<\/strong><strong style=\"font-size: 0.9em; color: var( --e-global-color-text ); font-family: var( --e-global-typography-text-font-family ), Sans-serif; text-align: var(--text-align);\">\u00a0<\/strong><strong style=\"color: var( --e-global-color-text ); font-family: var( --e-global-typography-text-font-family ), Sans-serif; text-align: var(--text-align); font-size: 0.9em;\">OBLIGATIONS PROFESSIONNELLES<\/strong><\/p><\/td><td width=\"589\"><p><strong>\u00a0<\/strong><span style=\"font-size: 0.9em; color: var( --e-global-color-text ); font-family: var( --e-global-typography-text-font-family ), Sans-serif; font-weight: var( --e-global-typography-text-font-weight ); text-align: var(--text-align);\">\u00d8 Obligation de se conformer aux dispositions pr\u00e9vues par le r\u00e8glement int\u00e9rieur de l\u2019\u00e9tablissement ;<\/span><\/p><p>\u00d8 Obligations \u00e0 l\u2019\u00e9gard des tiers : impartialit\u00e9 et probit\u00e9, secret professionnel.<\/p><\/td><\/tr><\/tbody><\/table><table><tbody><tr><td width=\"748\"><p><strong>Transmission de votre candidature<\/strong><\/p><\/td><\/tr><tr><td width=\"748\"><p><strong>\u00a0<\/strong><span style=\"font-size: 0.9em; color: var( --e-global-color-text ); font-family: var( --e-global-typography-text-font-family ), Sans-serif; font-weight: var( --e-global-typography-text-font-weight ); text-align: var(--text-align);\">Dossier de candidature comportant les dipl\u00f4mes, un CV et une lettre de motivation en fran\u00e7ais et en anglais \u00e0 transmettre \u00e0 l\u2019adresse\u00a0<\/span><span style=\"font-size: 0.9em; color: var( --e-global-color-text ); font-family: var( --e-global-typography-text-font-family ), Sans-serif; font-weight: var( --e-global-typography-text-font-weight ); text-align: var(--text-align);\">suivante : <\/span><a style=\"background-color: rgba(128, 128, 128, 0.1); font-size: 0.9em; font-family: var( --e-global-typography-text-font-family ), Sans-serif; font-weight: var( --e-global-typography-text-font-weight ); text-align: var(--text-align);\" href=\"mailto:secretariatproviseur@lfaccra.com\">secretariatproviseur@lfaccra.com<\/a><\/p><p><strong>\u00a0<\/strong><span style=\"font-size: 0.9em; color: var( --e-global-color-text ); font-family: var( --e-global-typography-text-font-family ), Sans-serif; font-weight: var( --e-global-typography-text-font-weight ); text-align: var(--text-align);\">Envoyer CV et lettre de motivation<\/span><\/p><p>\u00a0<\/p><p>\u00a0<\/p><\/td><\/tr><\/tbody><\/table>\t\t\t\t\t\t\t\t<\/div>\n\t\t\t\t<\/div>\n\t\t\t\t\t<\/div>\n\t\t\t\t<\/div>\n\t\t\t\t<\/div>","protected":false},"excerpt":{"rendered":"<p>Pour un poste en contrat local : IDENTIFICATION DU POSTE METIER \/ FONCTION Orthophoniste \u00a0 \u00a0 \u00a0 \u00a0 POSITION DANS LA STRUCTURE Liaison hi\u00e9rarchique : \u00d8\u00a0 Cheffe d\u2019\u00e9tablissement Collaborations fonctionnelles : \u00d8\u00a0 Directrice de l\u2019\u00e9cole ; \u00d8\u00a0 Infirmier ; \u00d8\u00a0 Psychologue ; \u00d8\u00a0 Familles ; \u00d8\u00a0 Enseignant-e-s ; \u00d8\u00a0 DAF- Administration. LIEU D\u2019EXERCICE 6 Bathur [&hellip;]<\/p>\n","protected":false},"featured_media":0,"parent":0,"menu_order":0,"template":"","meta":{"_acf_changed":false,"footnotes":""},"tags":[],"contract-type":[48],"staff-department":[51],"stream-type":[56],"class_list":["post-8630","job-posting","type-job-posting","status-publish","hentry","contract-type-full-time","staff-department-admin-staff","stream-type-french-stream"],"acf":[],"_links":{"self":[{"href":"https:\/\/lfaccra.com\/fr\/wp-json\/wp\/v2\/job-posting\/8630","targetHints":{"allow":["GET"]}}],"collection":[{"href":"https:\/\/lfaccra.com\/fr\/wp-json\/wp\/v2\/job-posting"}],"about":[{"href":"https:\/\/lfaccra.com\/fr\/wp-json\/wp\/v2\/types\/job-posting"}],"version-history":[{"count":30,"href":"https:\/\/lfaccra.com\/fr\/wp-json\/wp\/v2\/job-posting\/8630\/revisions"}],"predecessor-version":[{"id":12442,"href":"https:\/\/lfaccra.com\/fr\/wp-json\/wp\/v2\/job-posting\/8630\/revisions\/12442"}],"wp:attachment":[{"href":"https:\/\/lfaccra.com\/fr\/wp-json\/wp\/v2\/media?parent=8630"}],"wp:term":[{"taxonomy":"post_tag","embeddable":true,"href":"https:\/\/lfaccra.com\/fr\/wp-json\/wp\/v2\/tags?post=8630"},{"taxonomy":"contract-type","embeddable":true,"href":"https:\/\/lfaccra.com\/fr\/wp-json\/wp\/v2\/contract-type?post=8630"},{"taxonomy":"staff-department","embeddable":true,"href":"https:\/\/lfaccra.com\/fr\/wp-json\/wp\/v2\/staff-department?post=8630"},{"taxonomy":"stream-type","embeddable":true,"href":"https:\/\/lfaccra.com\/fr\/wp-json\/wp\/v2\/stream-type?post=8630"}],"curies":[{"name":"wp","href":"https:\/\/api.w.org\/{rel}","templated":true}]}}