{"id":10079,"date":"2023-12-05T07:44:47","date_gmt":"2023-12-05T07:44:47","guid":{"rendered":"https:\/\/lfaccra.com\/?p=10079"},"modified":"2023-12-18T08:55:09","modified_gmt":"2023-12-18T08:55:09","slug":"fete-de-la-science-au-lfia-novembre-2023-theme-sport-et-sciences","status":"publish","type":"post","link":"https:\/\/lfaccra.com\/fr\/fete-de-la-science-au-lfia-novembre-2023-theme-sport-et-sciences\/","title":{"rendered":"F\u00eate de la Science au LFIA (Novembre 2023) Th\u00e8me : Sport et Sciences"},"content":{"rendered":"<p>Les enseignants de sciences du LFIA ont f\u00eat\u00e9 le sport au cours d\u2019activit\u00e9s vari\u00e9es avec plusieurs classes de l\u2019\u00e9cole \u00e9l\u00e9mentaire. Les \u00e9l\u00e8ves du coll\u00e8ge et du lyc\u00e9e \u00e9taient les animateurs des exp\u00e9riences de d\u00e9couverte r\u00e9alis\u00e9es par les \u00e9l\u00e8ves de cycle 2 et 3.<\/p>\n<p><u>Activit\u00e9 1\u00a0: Alimentation et \u00e9nergie.<\/u><\/p>\n<p>&nbsp;<\/p>\n<p>Le lundi 20 novembre, les classes de CE1 C de Mme Philippe et CE1 A de Mme Puech ont d\u00e9couvert comment notre corps obtient l\u2019\u00e9nergie dont il a besoin pour faire du sport. Les \u00e9l\u00e8ves de premi\u00e8re sp\u00e9cialit\u00e9 SVT et leur enseignant<\/p>\n<p>&nbsp;<\/p>\n<p><img fetchpriority=\"high\" decoding=\"async\" class=\"size-medium wp-image-10081 alignright\" src=\"https:\/\/lfaccra.com\/wp-content\/uploads\/2023\/12\/page-1-300x169.jpg\" alt=\"\" width=\"300\" height=\"169\" srcset=\"https:\/\/lfaccra.com\/wp-content\/uploads\/2023\/12\/page-1-300x169.jpg 300w, https:\/\/lfaccra.com\/wp-content\/uploads\/2023\/12\/page-1-1024x576.jpg 1024w, https:\/\/lfaccra.com\/wp-content\/uploads\/2023\/12\/page-1-768x432.jpg 768w, https:\/\/lfaccra.com\/wp-content\/uploads\/2023\/12\/page-1-1536x864.jpg 1536w, https:\/\/lfaccra.com\/wp-content\/uploads\/2023\/12\/page-1-18x10.jpg 18w, https:\/\/lfaccra.com\/wp-content\/uploads\/2023\/12\/page-1.jpg 1600w\" sizes=\"(max-width: 300px) 100vw, 300px\" \/><\/p>\n<p>Mr Gavey ont aid\u00e9 les \u00e9l\u00e8ves de CE1 \u00e0 d\u00e9montrer que notre corps transforme les aliments que nous mangeons en nutriments pour produire de l\u2019\u00e9nergie.<\/p>\n<p>&nbsp;<\/p>\n<p>&nbsp;<\/p>\n<p>&nbsp;<\/p>\n<p>Cela aura permis de se poser des questions sur le lien entre alimentation, activit\u00e9s sportives et sant\u00e9 dans notre vie de tous les jours.<\/p>\n<p><img decoding=\"async\" class=\"size-medium wp-image-10080 aligncenter\" src=\"https:\/\/lfaccra.com\/wp-content\/uploads\/2023\/12\/page-1.1-300x138.jpg\" alt=\"\" width=\"300\" height=\"138\" srcset=\"https:\/\/lfaccra.com\/wp-content\/uploads\/2023\/12\/page-1.1-300x138.jpg 300w, https:\/\/lfaccra.com\/wp-content\/uploads\/2023\/12\/page-1.1-1024x472.jpg 1024w, https:\/\/lfaccra.com\/wp-content\/uploads\/2023\/12\/page-1.1-768x354.jpg 768w, https:\/\/lfaccra.com\/wp-content\/uploads\/2023\/12\/page-1.1-1536x708.jpg 1536w, https:\/\/lfaccra.com\/wp-content\/uploads\/2023\/12\/page-1.1-18x8.jpg 18w, https:\/\/lfaccra.com\/wp-content\/uploads\/2023\/12\/page-1.1.jpg 1600w\" sizes=\"(max-width: 300px) 100vw, 300px\" \/><\/p>\n<p><u>Activit\u00e9 2\u00a0: Respiration et adaptation \u00e0 l\u2019effort<\/u><\/p>\n<p>&nbsp;<\/p>\n<p>Les \u00e9l\u00e8ves de 4<sup>\u00e8me<\/sup> A et B ainsi que ceux de 5<sup>\u00e8me<\/sup>avec l\u2019aide de leur enseignante de<\/p>\n<p>SVT Mme Mansour ont anim\u00e9, le lundi 20 et jeudi 23 novembre,<\/p>\n<p>un atelier scientifique \u00e0 destination de deux classes\u00a0 de primaire :<\/p>\n<p><img decoding=\"async\" class=\"wp-image-10082 size-medium alignright\" src=\"https:\/\/lfaccra.com\/wp-content\/uploads\/2023\/12\/page-2-e1702885928647-225x300.jpg\" alt=\"\" width=\"225\" height=\"300\" srcset=\"https:\/\/lfaccra.com\/wp-content\/uploads\/2023\/12\/page-2-e1702885928647-225x300.jpg 225w, https:\/\/lfaccra.com\/wp-content\/uploads\/2023\/12\/page-2-e1702885928647-9x12.jpg 9w, https:\/\/lfaccra.com\/wp-content\/uploads\/2023\/12\/page-2-e1702885928647.jpg 690w\" sizes=\"(max-width: 225px) 100vw, 225px\" \/><\/p>\n<p>la CM1 A\/CM2 A de Mme Goujon et la CM1 B de Mme Kirangueal.<\/p>\n<p>L\u2019objectif du jour \u00e9tait de suivre une d\u00e9marche scientifique<\/p>\n<p>pour d\u00e9couvrir le r\u00f4le du diaphragme dans la respiration.<\/p>\n<p>&nbsp;<\/p>\n<p>&nbsp;<\/p>\n<p>&nbsp;<\/p>\n<p>&nbsp;<\/p>\n<p>&nbsp;<\/p>\n<p>Une premi\u00e8re phase d\u2019\u00e9tude de sa propre respiration avant et apr\u00e8s une s\u00e9quence de sport a permis d\u2019identifier le r\u00f4le du diaphragme dans la modification de la ventilation. Puis une activit\u00e9 de mod\u00e9lisation s\u2019est attach\u00e9e \u00e0 repr\u00e9senter, par une maquette, le mode d\u2019action du diaphragme lui permettant d\u2019induire l\u2019inspiration et l\u2019expiration.<u><br \/>\n<\/u><\/p>\n<p><img loading=\"lazy\" decoding=\"async\" class=\"size-medium wp-image-10083 alignleft\" src=\"https:\/\/lfaccra.com\/wp-content\/uploads\/2023\/12\/page-2.1-droite-225x300.jpg\" alt=\"\" width=\"225\" height=\"300\" srcset=\"https:\/\/lfaccra.com\/wp-content\/uploads\/2023\/12\/page-2.1-droite-225x300.jpg 225w, https:\/\/lfaccra.com\/wp-content\/uploads\/2023\/12\/page-2.1-droite-768x1024.jpg 768w, https:\/\/lfaccra.com\/wp-content\/uploads\/2023\/12\/page-2.1-droite-9x12.jpg 9w, https:\/\/lfaccra.com\/wp-content\/uploads\/2023\/12\/page-2.1-droite.jpg 796w\" sizes=\"(max-width: 225px) 100vw, 225px\" \/> <img loading=\"lazy\" decoding=\"async\" class=\"wp-image-10084 aligncenter\" src=\"https:\/\/lfaccra.com\/wp-content\/uploads\/2023\/12\/page-2.1-gauche-225x300.jpg\" alt=\"\" width=\"232\" height=\"309\" srcset=\"https:\/\/lfaccra.com\/wp-content\/uploads\/2023\/12\/page-2.1-gauche-225x300.jpg 225w, https:\/\/lfaccra.com\/wp-content\/uploads\/2023\/12\/page-2.1-gauche-768x1024.jpg 768w, https:\/\/lfaccra.com\/wp-content\/uploads\/2023\/12\/page-2.1-gauche-9x12.jpg 9w, https:\/\/lfaccra.com\/wp-content\/uploads\/2023\/12\/page-2.1-gauche.jpg 796w\" sizes=\"(max-width: 232px) 100vw, 232px\" \/><\/p>\n<p><u>Activit\u00e9 3\u00a0: Modification du fonctionnement du c\u0153ur au cours d\u2019un effort physique<\/u><\/p>\n<p>&nbsp;<\/p>\n<p>Le mercredi 22 novembre, la classe de CM1 C de Mr Bamazi ainsi que la classe de CM2 C de Mr Martin sont venues<img loading=\"lazy\" decoding=\"async\" class=\"alignright wp-image-10085\" src=\"https:\/\/lfaccra.com\/wp-content\/uploads\/2023\/12\/page-3-300x168.jpg\" alt=\"\" width=\"445\" height=\"249\" srcset=\"https:\/\/lfaccra.com\/wp-content\/uploads\/2023\/12\/page-3-300x168.jpg 300w, https:\/\/lfaccra.com\/wp-content\/uploads\/2023\/12\/page-3-1024x575.jpg 1024w, https:\/\/lfaccra.com\/wp-content\/uploads\/2023\/12\/page-3-768x431.jpg 768w, https:\/\/lfaccra.com\/wp-content\/uploads\/2023\/12\/page-3-1536x862.jpg 1536w, https:\/\/lfaccra.com\/wp-content\/uploads\/2023\/12\/page-3-2048x1150.jpg 2048w, https:\/\/lfaccra.com\/wp-content\/uploads\/2023\/12\/page-3-18x10.jpg 18w\" sizes=\"(max-width: 445px) 100vw, 445px\" \/> en salle de sciences pour d\u00e9montrer un effet de la pratique sportive sur notre corps. Encadr\u00e9s par les \u00e9l\u00e8ves de Terminale sp\u00e9cialit\u00e9 SVT et de leur enseignant Mr Gavey, ils ont utilis\u00e9 un st\u00e9thoscope pour \u00e9couter les battements de leur c\u0153ur. Certains \u00e9l\u00e8ves de primaire ont eu l\u2019occasion d\u2019enregistrer leur \u00e9lectrocardiogramme \u00e0 l\u2019aide d\u2019\u00e9lectrodes et d\u2019un logiciel.<\/p>\n<p>&nbsp;<\/p>\n<p>&nbsp;<\/p>\n<p style=\"text-align: center;\">En comparant le r\u00e9sultat de leurs fr\u00e9quences cardiaques avant et apr\u00e8s l\u2019effort, ils auront r\u00e9ussi \u00e0 prouver que le sport induit une augmentation du rythme cardiaque permettant de r\u00e9pondre aux besoins en \u00e9nergie des muscles.<\/p>\n<p><img loading=\"lazy\" decoding=\"async\" class=\"aligncenter wp-image-10086\" src=\"https:\/\/lfaccra.com\/wp-content\/uploads\/2023\/12\/page-3.1-300x168.jpg\" alt=\"\" width=\"387\" height=\"217\" srcset=\"https:\/\/lfaccra.com\/wp-content\/uploads\/2023\/12\/page-3.1-300x168.jpg 300w, https:\/\/lfaccra.com\/wp-content\/uploads\/2023\/12\/page-3.1-1024x575.jpg 1024w, https:\/\/lfaccra.com\/wp-content\/uploads\/2023\/12\/page-3.1-768x431.jpg 768w, https:\/\/lfaccra.com\/wp-content\/uploads\/2023\/12\/page-3.1-1536x862.jpg 1536w, https:\/\/lfaccra.com\/wp-content\/uploads\/2023\/12\/page-3.1-2048x1150.jpg 2048w, https:\/\/lfaccra.com\/wp-content\/uploads\/2023\/12\/page-3.1-18x10.jpg 18w\" sizes=\"(max-width: 387px) 100vw, 387px\" \/><\/p>\n<p><u>Activit\u00e9 4\u00a0: Fabrication d\u2019une boisson \u00e9nerg\u00e9tique pour sportif<\/u><\/p>\n<p style=\"text-align: left;\">Le mercredi 22 novembre, la classe de CM2 B de Mme Lisembard a \u00e9t\u00e9 invit\u00e9e \u00e0 concevoir une boisson qui<img loading=\"lazy\" decoding=\"async\" class=\"alignright wp-image-10087\" src=\"https:\/\/lfaccra.com\/wp-content\/uploads\/2023\/12\/page-4.jpg\" alt=\"\" width=\"243\" height=\"323\" srcset=\"https:\/\/lfaccra.com\/wp-content\/uploads\/2023\/12\/page-4.jpg 759w, https:\/\/lfaccra.com\/wp-content\/uploads\/2023\/12\/page-4-225x300.jpg 225w, https:\/\/lfaccra.com\/wp-content\/uploads\/2023\/12\/page-4-9x12.jpg 9w\" sizes=\"(max-width: 243px) 100vw, 243px\" \/>permettrait \u00e0 un sportif d\u2019am\u00e9liorer ses performances en toute l\u00e9galit\u00e9. Les petits chimistes d\u2019un jour ont appris les constituants d\u2019une boisson \u00e9nerg\u00e9tique mais aussi leur concentration.<\/p>\n<p>&nbsp;<\/p>\n<p>&nbsp;<\/p>\n<p>&nbsp;<\/p>\n<p>&nbsp;<\/p>\n<p>&nbsp;<\/p>\n<p>&nbsp;<\/p>\n<p>&nbsp;<\/p>\n<p>&nbsp;<\/p>\n<p style=\"text-align: center;\">Gr\u00e2ce \u00e0 l\u2019utilisation du mat\u00e9riel de laboratoire et aux conseils des \u00e9l\u00e8ves de seconde et Mme Felgines (enseignante de physique-chimie), les \u00e9l\u00e8ves de primaire ont produit leur boisson. Ils ont m\u00eame pu la go\u00fbter\u00a0!<\/p>\n<p><img loading=\"lazy\" decoding=\"async\" class=\"aligncenter size-medium wp-image-10088\" src=\"https:\/\/lfaccra.com\/wp-content\/uploads\/2023\/12\/page-4.1-300x168.jpg\" alt=\"\" width=\"300\" height=\"168\" srcset=\"https:\/\/lfaccra.com\/wp-content\/uploads\/2023\/12\/page-4.1-300x168.jpg 300w, https:\/\/lfaccra.com\/wp-content\/uploads\/2023\/12\/page-4.1-1024x575.jpg 1024w, https:\/\/lfaccra.com\/wp-content\/uploads\/2023\/12\/page-4.1-768x431.jpg 768w, https:\/\/lfaccra.com\/wp-content\/uploads\/2023\/12\/page-4.1-1536x862.jpg 1536w, https:\/\/lfaccra.com\/wp-content\/uploads\/2023\/12\/page-4.1-2048x1150.jpg 2048w, https:\/\/lfaccra.com\/wp-content\/uploads\/2023\/12\/page-4.1-18x10.jpg 18w\" sizes=\"(max-width: 300px) 100vw, 300px\" \/><\/p>\n<p style=\"text-align: center;\">Un grand merci \u00e0 tous les \u00e9l\u00e8ves de primaire qui se sont montr\u00e9s curieux et impliqu\u00e9s dans les activit\u00e9s propos\u00e9es ainsi qu\u2019aux \u00e9l\u00e8ves du secondaire qui ont pris \u00e0 c\u0153ur leur r\u00f4le d\u2019enseignant d\u2019un jour.<\/p>\n<p style=\"text-align: center;\">F\u00e9licitations aux professeurs de primaire qui ont inscrit et accompagn\u00e9 leurs \u00e9l\u00e8ves pour vivre la science dans un contexte nouveau ainsi qu\u2019aux professeurs du secondaire qui ont pr\u00e9par\u00e9 ces ateliers de d\u00e9couverte.<\/p>\n<p style=\"text-align: center;\">Un grand merci \u00e0 Amanda, notre technicienne de laboratoire, qui a pr\u00e9par\u00e9 tout le mat\u00e9riel et a apport\u00e9 son aide pr\u00e9cieuse lors des ateliers.<\/p>\n<p><img loading=\"lazy\" decoding=\"async\" class=\"aligncenter wp-image-10089 size-large\" src=\"https:\/\/lfaccra.com\/wp-content\/uploads\/2023\/12\/page-5.1-e1702889417902-1024x768.jpg\" alt=\"\" width=\"800\" height=\"600\" srcset=\"https:\/\/lfaccra.com\/wp-content\/uploads\/2023\/12\/page-5.1-e1702889417902-1024x768.jpg 1024w, https:\/\/lfaccra.com\/wp-content\/uploads\/2023\/12\/page-5.1-e1702889417902-300x225.jpg 300w, https:\/\/lfaccra.com\/wp-content\/uploads\/2023\/12\/page-5.1-e1702889417902-768x576.jpg 768w, https:\/\/lfaccra.com\/wp-content\/uploads\/2023\/12\/page-5.1-e1702889417902-16x12.jpg 16w, https:\/\/lfaccra.com\/wp-content\/uploads\/2023\/12\/page-5.1-e1702889417902.jpg 1198w\" sizes=\"(max-width: 800px) 100vw, 800px\" \/><\/p>\n<p><img loading=\"lazy\" decoding=\"async\" class=\"aligncenter size-large wp-image-10090\" src=\"https:\/\/lfaccra.com\/wp-content\/uploads\/2023\/12\/page-5-1024x759.jpg\" alt=\"\" width=\"800\" height=\"593\" srcset=\"https:\/\/lfaccra.com\/wp-content\/uploads\/2023\/12\/page-5-1024x759.jpg 1024w, https:\/\/lfaccra.com\/wp-content\/uploads\/2023\/12\/page-5-300x222.jpg 300w, https:\/\/lfaccra.com\/wp-content\/uploads\/2023\/12\/page-5-768x570.jpg 768w, https:\/\/lfaccra.com\/wp-content\/uploads\/2023\/12\/page-5-1536x1139.jpg 1536w, https:\/\/lfaccra.com\/wp-content\/uploads\/2023\/12\/page-5-16x12.jpg 16w, https:\/\/lfaccra.com\/wp-content\/uploads\/2023\/12\/page-5.jpg 1649w\" sizes=\"(max-width: 800px) 100vw, 800px\" \/><\/p>","protected":false},"excerpt":{"rendered":"<p>Les enseignants de sciences du LFIA ont f\u00eat\u00e9 le sport au cours d\u2019activit\u00e9s vari\u00e9es avec plusieurs classes de l\u2019\u00e9cole \u00e9l\u00e9mentaire. Les \u00e9l\u00e8ves du coll\u00e8ge et du lyc\u00e9e \u00e9taient les animateurs des exp\u00e9riences de d\u00e9couverte r\u00e9alis\u00e9es par les \u00e9l\u00e8ves de cycle 2 et 3. Activit\u00e9 1\u00a0: Alimentation et \u00e9nergie. &nbsp; Le lundi 20 novembre, les classes [&hellip;]<\/p>\n","protected":false},"author":4,"featured_media":10085,"comment_status":"closed","ping_status":"open","sticky":false,"template":"","format":"standard","meta":{"_acf_changed":false,"footnotes":""},"categories":[84,74,65,9,61,68,62,79],"tags":[],"ppma_author":[90],"class_list":["post-10079","post","type-post","status-publish","format-standard","has-post-thumbnail","hentry","category-activities-and-projects","category-class-projects-secondary-school","category-class-projects","category-news","category-primary-school","category-sciences","category-secondary-school","category-specialities-classes"],"acf":[],"authors":[{"term_id":90,"user_id":4,"is_guest":0,"slug":"ahmed","display_name":"Ahmed KON\u00c9","avatar_url":{"url":"https:\/\/lfaccra.com\/wp-content\/uploads\/2023\/04\/CHEICK.jpg","url2x":"https:\/\/lfaccra.com\/wp-content\/uploads\/2023\/04\/CHEICK.jpg"},"0":null,"1":"","2":"","3":"","4":"","5":"","6":"","7":"","8":""}],"_links":{"self":[{"href":"https:\/\/lfaccra.com\/fr\/wp-json\/wp\/v2\/posts\/10079","targetHints":{"allow":["GET"]}}],"collection":[{"href":"https:\/\/lfaccra.com\/fr\/wp-json\/wp\/v2\/posts"}],"about":[{"href":"https:\/\/lfaccra.com\/fr\/wp-json\/wp\/v2\/types\/post"}],"author":[{"embeddable":true,"href":"https:\/\/lfaccra.com\/fr\/wp-json\/wp\/v2\/users\/4"}],"replies":[{"embeddable":true,"href":"https:\/\/lfaccra.com\/fr\/wp-json\/wp\/v2\/comments?post=10079"}],"version-history":[{"count":2,"href":"https:\/\/lfaccra.com\/fr\/wp-json\/wp\/v2\/posts\/10079\/revisions"}],"predecessor-version":[{"id":10093,"href":"https:\/\/lfaccra.com\/fr\/wp-json\/wp\/v2\/posts\/10079\/revisions\/10093"}],"wp:featuredmedia":[{"embeddable":true,"href":"https:\/\/lfaccra.com\/fr\/wp-json\/wp\/v2\/media\/10085"}],"wp:attachment":[{"href":"https:\/\/lfaccra.com\/fr\/wp-json\/wp\/v2\/media?parent=10079"}],"wp:term":[{"taxonomy":"category","embeddable":true,"href":"https:\/\/lfaccra.com\/fr\/wp-json\/wp\/v2\/categories?post=10079"},{"taxonomy":"post_tag","embeddable":true,"href":"https:\/\/lfaccra.com\/fr\/wp-json\/wp\/v2\/tags?post=10079"},{"taxonomy":"author","embeddable":true,"href":"https:\/\/lfaccra.com\/fr\/wp-json\/wp\/v2\/ppma_author?post=10079"}],"curies":[{"name":"wp","href":"https:\/\/api.w.org\/{rel}","templated":true}]}}